{"id":92,"date":"2018-08-17T02:22:16","date_gmt":"2018-08-17T06:22:16","guid":{"rendered":"http:\/\/www.radioeltabo.cl\/?p=92"},"modified":"2018-08-26T16:48:58","modified_gmt":"2018-08-26T20:48:58","slug":"radio-el-tabo-al-servicio-de-la-comunidad","status":"publish","type":"post","link":"https:\/\/www.radioeltabo.cl\/?p=92","title":{"rendered":"PROGRAMACI\u00d3N DE RADIO EL TABO ESTAR\u00c1 AL SERVICIO DE LA COMUNIDAD TABINA."},"content":{"rendered":"<p style=\"text-align: justify;\">Con la firma notarial de un importante Convenio de Colaboraci\u00f3n la futura RADIO EL TABO adquiere compromiso para que su programaci\u00f3n est\u00e9 al servicio de la comunidad.<\/p>\n<p style=\"text-align: justify;\">La idea es que en este importante proyecto radial, las diferentes organizaciones sociales de nuestra comuna de El Tabo, puedan difundir las actividades que desarrollan en beneficio de la comunidad tabina.<\/p>\n<p style=\"text-align: justify;\">RADIO EL TABO semanalmente les contar\u00e1 sobre los proyectos que plantean y apoyan nuestras autoridades comunales para lograr progreso y desarrollo para la comunidad tabina.<\/p>\n<p style=\"text-align: justify;\">Los encargados del proyecto RADIO EL TABO se\u00f1alan, \u201cla idea es que la programaci\u00f3n de RADIO EL TABO est\u00e9\u00a0 dedicada especialmente a difundir lo que ocurre en El Tabo, para que los vecinos puedan estar veraz y oportunamente informados de lo que ocurre en nuestra comuna. En este proyecto radial todos quienes deseen colaborar con el progreso y desarrollo de El Tabo\u00a0tendr\u00e1n la cobertura necesaria\u201d.<\/p>\n<p style=\"text-align: justify;\">A trav\u00e9s de \u00e9sta p\u00e1gina web les contaremos semanalmente los d\u00edas y horarios de los\u00a0 programas y entrevistas que pueden interesar a la comunidad tabina.<\/p>\n<p style=\"text-align: justify;\">Recuerda que RADIO EL TABO adem\u00e1s te brindar\u00e1 la mejor m\u00fasica nacional e internacional, difundiendo tambi\u00e9n a nuestros artistas locales.<\/p>\n<p style=\"text-align: justify;\">\u00a1Com\u00e9ntale esta noticia a tus vecinos, familiares y amigos!<\/p>\n<p style=\"text-align: justify;\">\u00a1Contamos contigo!<\/p>\n<p style=\"text-align: justify;\">\n","protected":false},"excerpt":{"rendered":"<p>Con la firma notarial de un importante Convenio de Colaboraci\u00f3n la futura RADIO EL TABO adquiere compromiso para que su[&#8230;]<\/p>\n","protected":false},"author":2,"featured_media":99,"comment_status":"open","ping_status":"open","sticky":false,"template":"","format":"standard","meta":[],"categories":[3,2,4],"tags":[],"_links":{"self":[{"href":"https:\/\/www.radioeltabo.cl\/index.php?rest_route=\/wp\/v2\/posts\/92"}],"collection":[{"href":"https:\/\/www.radioeltabo.cl\/index.php?rest_route=\/wp\/v2\/posts"}],"about":[{"href":"https:\/\/www.radioeltabo.cl\/index.php?rest_route=\/wp\/v2\/types\/post"}],"author":[{"embeddable":true,"href":"https:\/\/www.radioeltabo.cl\/index.php?rest_route=\/wp\/v2\/users\/2"}],"replies":[{"embeddable":true,"href":"https:\/\/www.radioeltabo.cl\/index.php?rest_route=%2Fwp%2Fv2%2Fcomments&post=92"}],"version-history":[{"count":10,"href":"https:\/\/www.radioeltabo.cl\/index.php?rest_route=\/wp\/v2\/posts\/92\/revisions"}],"predecessor-version":[{"id":121,"href":"https:\/\/www.radioeltabo.cl\/index.php?rest_route=\/wp\/v2\/posts\/92\/revisions\/121"}],"wp:featuredmedia":[{"embeddable":true,"href":"https:\/\/www.radioeltabo.cl\/index.php?rest_route=\/wp\/v2\/media\/99"}],"wp:attachment":[{"href":"https:\/\/www.radioeltabo.cl\/index.php?rest_route=%2Fwp%2Fv2%2Fmedia&parent=92"}],"wp:term":[{"taxonomy":"category","embeddable":true,"href":"https:\/\/www.radioeltabo.cl\/index.php?rest_route=%2Fwp%2Fv2%2Fcategories&post=92"},{"taxonomy":"post_tag","embeddable":true,"href":"https:\/\/www.radioeltabo.cl\/index.php?rest_route=%2Fwp%2Fv2%2Ftags&post=92"}],"curies":[{"name":"wp","href":"https:\/\/api.w.org\/{rel}","templated":true}]}}