{"id":70,"date":"2018-08-12T12:12:09","date_gmt":"2018-08-12T16:12:09","guid":{"rendered":"http:\/\/www.radioeltabo.cl\/?p=70"},"modified":"2018-08-12T14:22:35","modified_gmt":"2018-08-12T18:22:35","slug":"70","status":"publish","type":"post","link":"https:\/\/www.radioeltabo.cl\/?p=70","title":{"rendered":"CONOZCA COMO GESTIONAMOS  PROYECTO RADIAL DEL COMIT\u00c9 DE ADELANTO EL PINAR."},"content":{"rendered":"<p style=\"text-align: justify;\">Les invitamos a leer en el link de m\u00e1s abajo, noticia publicada por el Diario El L\u00edder de fecha 30 de Julio de 2017, para recordar a la comunidad tabina como se gest\u00f3 el proyecto radial del Comit\u00e9 de Adelanto El Pinar.<\/p>\n<p style=\"text-align: justify;\">Agradecemos a la Agrupaci\u00f3n Folcl\u00f3rica Latinoamericana del Adulto Mayor Ra\u00edces de El Tabo por facilitar su Persona Jur\u00eddica para postular, ya que la idea del Proyecto Radial y el Financiamiento para la postulaci\u00f3n lo realiz\u00f3 el Comit\u00e9 de Adelanto El Pinar.<\/p>\n<p style=\"text-align: justify;\">Con la firma de un documento notarial el Presidente y Representante Legal, Jos\u00e9 Riquelme Sep\u00falveda de la Agrupaci\u00f3n\u00a0Folcl\u00f3rica Latinoamericana del Adulto Mayor Ra\u00edces de El Tabo, dej\u00f3 claramente establecido que si se lograba la concesi\u00f3n, \u00e9sta ser\u00eda de propiedad del Comit\u00e9 de Adelanto El Pinar por idear y financiar dicho proyecto radial y porque beneficiar\u00e1 a toda la comunidad tabina.<\/p>\n<p style=\"text-align: justify;\">Te invitamos a compartir \u00e9sta\u00a0 noticia.<br \/>\nHaga un click en el Link de m\u00e1s abajo para leerla.<\/p>\n<p>&nbsp;<\/p>\n<p><a href=\"http:\/\/www.lidersanantonio.cl\/impresa\/2017\/07\/30\/full\/cuerpo-principal\/4\/\">http:\/\/www.lidersanantonio.cl\/impresa\/2017\/07\/30\/full\/cuerpo-principal\/4\/<\/a><\/p>\n<p>&nbsp;<\/p>\n","protected":false},"excerpt":{"rendered":"<p>Les invitamos a leer en el link de m\u00e1s abajo, noticia publicada por el Diario El L\u00edder de fecha 30[&#8230;]<\/p>\n","protected":false},"author":2,"featured_media":0,"comment_status":"open","ping_status":"open","sticky":false,"template":"","format":"standard","meta":[],"categories":[3,2,4],"tags":[],"_links":{"self":[{"href":"https:\/\/www.radioeltabo.cl\/index.php?rest_route=\/wp\/v2\/posts\/70"}],"collection":[{"href":"https:\/\/www.radioeltabo.cl\/index.php?rest_route=\/wp\/v2\/posts"}],"about":[{"href":"https:\/\/www.radioeltabo.cl\/index.php?rest_route=\/wp\/v2\/types\/post"}],"author":[{"embeddable":true,"href":"https:\/\/www.radioeltabo.cl\/index.php?rest_route=\/wp\/v2\/users\/2"}],"replies":[{"embeddable":true,"href":"https:\/\/www.radioeltabo.cl\/index.php?rest_route=%2Fwp%2Fv2%2Fcomments&post=70"}],"version-history":[{"count":18,"href":"https:\/\/www.radioeltabo.cl\/index.php?rest_route=\/wp\/v2\/posts\/70\/revisions"}],"predecessor-version":[{"id":89,"href":"https:\/\/www.radioeltabo.cl\/index.php?rest_route=\/wp\/v2\/posts\/70\/revisions\/89"}],"wp:attachment":[{"href":"https:\/\/www.radioeltabo.cl\/index.php?rest_route=%2Fwp%2Fv2%2Fmedia&parent=70"}],"wp:term":[{"taxonomy":"category","embeddable":true,"href":"https:\/\/www.radioeltabo.cl\/index.php?rest_route=%2Fwp%2Fv2%2Fcategories&post=70"},{"taxonomy":"post_tag","embeddable":true,"href":"https:\/\/www.radioeltabo.cl\/index.php?rest_route=%2Fwp%2Fv2%2Ftags&post=70"}],"curies":[{"name":"wp","href":"https:\/\/api.w.org\/{rel}","templated":true}]}}