{"id":57,"date":"2018-08-10T10:26:58","date_gmt":"2018-08-10T14:26:58","guid":{"rendered":"http:\/\/www.radioeltabo.cl\/?p=57"},"modified":"2018-08-10T11:20:51","modified_gmt":"2018-08-10T15:20:51","slug":"invitacion-aniversario-107-el-tabo","status":"publish","type":"post","link":"https:\/\/www.radioeltabo.cl\/?p=57","title":{"rendered":"INVITACI\u00d3N ANIVERSARIO 107 EL TABO."},"content":{"rendered":"<p><img loading=\"lazy\" class=\"size-medium wp-image-58 aligncenter\" src=\"http:\/\/www.radioeltabo.cl\/wp-content\/uploads\/2018\/08\/IMG-20180809-WA0008-200x300.jpg\" alt=\"\" width=\"200\" height=\"300\" srcset=\"https:\/\/www.radioeltabo.cl\/wp-content\/uploads\/2018\/08\/IMG-20180809-WA0008-200x300.jpg 200w, https:\/\/www.radioeltabo.cl\/wp-content\/uploads\/2018\/08\/IMG-20180809-WA0008-683x1024.jpg 683w, https:\/\/www.radioeltabo.cl\/wp-content\/uploads\/2018\/08\/IMG-20180809-WA0008.jpg 720w\" sizes=\"(max-width: 200px) 100vw, 200px\" \/><\/p>\n<p style=\"text-align: justify;\">El Alcalde Emilio Jorquera y los Concejales Osvaldo Rom\u00e1n, Edgardo G\u00f3mez, Alfonso Mu\u00f1oz, Gloria Carrasco, Patricio Lagos y Jos\u00e9 Veas invitan a la comunidad tabina a participar en las actividades gratuitas programadas por el municipio para celebrar el 107 Aniversario de nuestra comuna de El Tabo.<\/p>\n<p style=\"text-align: justify;\">\u00a1Todos cordialmente invitados!<\/p>\n<p><img loading=\"lazy\" class=\"size-medium wp-image-59 aligncenter\" src=\"http:\/\/www.radioeltabo.cl\/wp-content\/uploads\/2018\/08\/IMG-20180809-WA0009-200x300.jpg\" alt=\"\" width=\"200\" height=\"300\" srcset=\"https:\/\/www.radioeltabo.cl\/wp-content\/uploads\/2018\/08\/IMG-20180809-WA0009-200x300.jpg 200w, https:\/\/www.radioeltabo.cl\/wp-content\/uploads\/2018\/08\/IMG-20180809-WA0009-683x1024.jpg 683w, https:\/\/www.radioeltabo.cl\/wp-content\/uploads\/2018\/08\/IMG-20180809-WA0009.jpg 720w\" sizes=\"(max-width: 200px) 100vw, 200px\" \/><\/p>\n","protected":false},"excerpt":{"rendered":"<p>El Alcalde Emilio Jorquera y los Concejales Osvaldo Rom\u00e1n, Edgardo G\u00f3mez, Alfonso Mu\u00f1oz, Gloria Carrasco, Patricio Lagos y Jos\u00e9 Veas[&#8230;]<\/p>\n","protected":false},"author":2,"featured_media":0,"comment_status":"open","ping_status":"open","sticky":false,"template":"","format":"standard","meta":[],"categories":[3,2,4],"tags":[],"_links":{"self":[{"href":"https:\/\/www.radioeltabo.cl\/index.php?rest_route=\/wp\/v2\/posts\/57"}],"collection":[{"href":"https:\/\/www.radioeltabo.cl\/index.php?rest_route=\/wp\/v2\/posts"}],"about":[{"href":"https:\/\/www.radioeltabo.cl\/index.php?rest_route=\/wp\/v2\/types\/post"}],"author":[{"embeddable":true,"href":"https:\/\/www.radioeltabo.cl\/index.php?rest_route=\/wp\/v2\/users\/2"}],"replies":[{"embeddable":true,"href":"https:\/\/www.radioeltabo.cl\/index.php?rest_route=%2Fwp%2Fv2%2Fcomments&post=57"}],"version-history":[{"count":4,"href":"https:\/\/www.radioeltabo.cl\/index.php?rest_route=\/wp\/v2\/posts\/57\/revisions"}],"predecessor-version":[{"id":63,"href":"https:\/\/www.radioeltabo.cl\/index.php?rest_route=\/wp\/v2\/posts\/57\/revisions\/63"}],"wp:attachment":[{"href":"https:\/\/www.radioeltabo.cl\/index.php?rest_route=%2Fwp%2Fv2%2Fmedia&parent=57"}],"wp:term":[{"taxonomy":"category","embeddable":true,"href":"https:\/\/www.radioeltabo.cl\/index.php?rest_route=%2Fwp%2Fv2%2Fcategories&post=57"},{"taxonomy":"post_tag","embeddable":true,"href":"https:\/\/www.radioeltabo.cl\/index.php?rest_route=%2Fwp%2Fv2%2Ftags&post=57"}],"curies":[{"name":"wp","href":"https:\/\/api.w.org\/{rel}","templated":true}]}}