{"id":4373,"date":"2026-09-05T11:17:40","date_gmt":"2026-09-05T15:17:40","guid":{"rendered":"https:\/\/www.radioeltabo.cl\/?p=4373"},"modified":"2026-09-05T11:17:50","modified_gmt":"2026-09-05T15:17:50","slug":"fallece-camilo-escalona-destacado-diputado-senador-y-dirigente-del-ps","status":"publish","type":"post","link":"https:\/\/www.radioeltabo.cl\/?p=4373","title":{"rendered":"\u00a1FALLECE CAMILO ESCALONA, DESTACADO DIPUTADO, SENADOR Y DIRIGENTE DEL PS!"},"content":{"rendered":"\n<p>Nuestro m\u00e1s sentido p\u00e9same para su familia y amigos y para todos los militantes, simpatizantes, adherentes, dirigentes y autoridades del Partido Socialista de Chile, por el sensible fallecimiento de Camilo Escalona Q.E.P.D.<\/p>\n\n\n\n<p>\u00abUn pol\u00edtico que no le ten\u00eda miedo a los acuerdos, si estos le hac\u00edan bien a Chile\u00bb.<\/p>\n\n\n\n<p>Esperamos que en honor a su ejemplo de lucha y compromiso al di\u00e1logo y la acci\u00f3n permita a todos quienes ostentan hoy cargos politicos, buscar los acuerdos transversales que sean necesarios, para lograr el progreso y desarrollo que nuestras comunas, regiones y pais necesitan.<\/p>\n\n\n\n<p>\u00a1Hasta siempre Camilo, tenemos la certeza que Dios nuestro Se\u00f1or te recibir\u00e1 en su Santo Reino!<\/p>\n\n\n\n<p>Carlos Tapia<br>Director<br>Radio Cartagena El Tabo Digital https:\/\/chiloe.digital\/radiocartagenaeltabo\/ y medios asociados.<\/p>\n","protected":false},"excerpt":{"rendered":"<p>Nuestro m\u00e1s sentido p\u00e9same para su familia y amigos y para todos los militantes, simpatizantes, adherentes, dirigentes y autoridades del[&#8230;]<\/p>\n","protected":false},"author":2,"featured_media":0,"comment_status":"open","ping_status":"open","sticky":true,"template":"","format":"standard","meta":[],"categories":[3,2,4],"tags":[],"_links":{"self":[{"href":"https:\/\/www.radioeltabo.cl\/index.php?rest_route=\/wp\/v2\/posts\/4373"}],"collection":[{"href":"https:\/\/www.radioeltabo.cl\/index.php?rest_route=\/wp\/v2\/posts"}],"about":[{"href":"https:\/\/www.radioeltabo.cl\/index.php?rest_route=\/wp\/v2\/types\/post"}],"author":[{"embeddable":true,"href":"https:\/\/www.radioeltabo.cl\/index.php?rest_route=\/wp\/v2\/users\/2"}],"replies":[{"embeddable":true,"href":"https:\/\/www.radioeltabo.cl\/index.php?rest_route=%2Fwp%2Fv2%2Fcomments&post=4373"}],"version-history":[{"count":1,"href":"https:\/\/www.radioeltabo.cl\/index.php?rest_route=\/wp\/v2\/posts\/4373\/revisions"}],"predecessor-version":[{"id":4374,"href":"https:\/\/www.radioeltabo.cl\/index.php?rest_route=\/wp\/v2\/posts\/4373\/revisions\/4374"}],"wp:attachment":[{"href":"https:\/\/www.radioeltabo.cl\/index.php?rest_route=%2Fwp%2Fv2%2Fmedia&parent=4373"}],"wp:term":[{"taxonomy":"category","embeddable":true,"href":"https:\/\/www.radioeltabo.cl\/index.php?rest_route=%2Fwp%2Fv2%2Fcategories&post=4373"},{"taxonomy":"post_tag","embeddable":true,"href":"https:\/\/www.radioeltabo.cl\/index.php?rest_route=%2Fwp%2Fv2%2Ftags&post=4373"}],"curies":[{"name":"wp","href":"https:\/\/api.w.org\/{rel}","templated":true}]}}