{"id":4171,"date":"2026-04-25T12:56:25","date_gmt":"2026-04-25T16:56:25","guid":{"rendered":"https:\/\/www.radioeltabo.cl\/?p=4171"},"modified":"2026-04-25T15:57:19","modified_gmt":"2026-04-25T19:57:19","slug":"invitacion-a-asistir-a-la-cuenta-publica-2026-en-el-tabo","status":"publish","type":"post","link":"https:\/\/www.radioeltabo.cl\/?p=4171","title":{"rendered":"INVITACI\u00d3N A ASISTIR A LA CUENTA P\u00daBLICA 2026 EN EL TABO."},"content":{"rendered":"\n<p>El Alcalde Alfonso Mu\u00f1oz y el Honorable Concejo Municipal, invitan a los vecinos y vecinas de El Tabo a asistir a la Solemne Ceremonia de la entrega de la Cuenta P\u00fablica 2026.<\/p>\n\n\n\n<p>La que se desarrollar\u00e1 hoy S\u00e1bado 25 de Abril de 2026 a contar de las 17 hrs. en el frontis de la Municipalidad de El Tabo, ubicada en Avda. Las Cruces Norte #401, El Tabo.<\/p>\n\n\n\n<p>\u00abRadio El Tabo 106.5 FM y medios de comunicaci\u00f3n asociados, les recordamos que un ciudadano bien informado, siempre estar\u00e1 dispuesto a colaborar con sus autoridades, ya que si a sus autoridades les va bien en su gesti\u00f3n, todos los tabinos y tabinas ser\u00e1n beneficiados\u00bb.<\/p>\n\n\n\n<p>\u00a1Unidos a\u00fan por sobre nuestras leg\u00edtimas diferencias, tenemos la certeza que podremos lograr progreso y desarrollo para todos!<\/p>\n\n\n\n<p>\u00a1Contamos contigo!<\/p>\n\n\n\n<p>Gentileza: Radio El Tabo 106.5 FM y medios de Comunicaci\u00f3n Asociados.<\/p>\n\n\n\n<figure class=\"wp-block-image size-large\"><img loading=\"lazy\" width=\"720\" height=\"811\" src=\"https:\/\/www.radioeltabo.cl\/wp-content\/uploads\/2026\/04\/1000050893.jpg\" alt=\"\" class=\"wp-image-4172\" srcset=\"https:\/\/www.radioeltabo.cl\/wp-content\/uploads\/2026\/04\/1000050893.jpg 720w, https:\/\/www.radioeltabo.cl\/wp-content\/uploads\/2026\/04\/1000050893-266x300.jpg 266w\" sizes=\"(max-width: 720px) 100vw, 720px\" \/><\/figure>\n","protected":false},"excerpt":{"rendered":"<p>El Alcalde Alfonso Mu\u00f1oz y el Honorable Concejo Municipal, invitan a los vecinos y vecinas de El Tabo a asistir[&#8230;]<\/p>\n","protected":false},"author":2,"featured_media":0,"comment_status":"open","ping_status":"open","sticky":true,"template":"","format":"standard","meta":[],"categories":[3,2,4],"tags":[],"_links":{"self":[{"href":"https:\/\/www.radioeltabo.cl\/index.php?rest_route=\/wp\/v2\/posts\/4171"}],"collection":[{"href":"https:\/\/www.radioeltabo.cl\/index.php?rest_route=\/wp\/v2\/posts"}],"about":[{"href":"https:\/\/www.radioeltabo.cl\/index.php?rest_route=\/wp\/v2\/types\/post"}],"author":[{"embeddable":true,"href":"https:\/\/www.radioeltabo.cl\/index.php?rest_route=\/wp\/v2\/users\/2"}],"replies":[{"embeddable":true,"href":"https:\/\/www.radioeltabo.cl\/index.php?rest_route=%2Fwp%2Fv2%2Fcomments&post=4171"}],"version-history":[{"count":2,"href":"https:\/\/www.radioeltabo.cl\/index.php?rest_route=\/wp\/v2\/posts\/4171\/revisions"}],"predecessor-version":[{"id":4174,"href":"https:\/\/www.radioeltabo.cl\/index.php?rest_route=\/wp\/v2\/posts\/4171\/revisions\/4174"}],"wp:attachment":[{"href":"https:\/\/www.radioeltabo.cl\/index.php?rest_route=%2Fwp%2Fv2%2Fmedia&parent=4171"}],"wp:term":[{"taxonomy":"category","embeddable":true,"href":"https:\/\/www.radioeltabo.cl\/index.php?rest_route=%2Fwp%2Fv2%2Fcategories&post=4171"},{"taxonomy":"post_tag","embeddable":true,"href":"https:\/\/www.radioeltabo.cl\/index.php?rest_route=%2Fwp%2Fv2%2Ftags&post=4171"}],"curies":[{"name":"wp","href":"https:\/\/api.w.org\/{rel}","templated":true}]}}