{"id":4117,"date":"2025-12-15T08:41:59","date_gmt":"2025-12-15T12:41:59","guid":{"rendered":"https:\/\/www.radioeltabo.cl\/?p=4117"},"modified":"2025-12-15T09:09:45","modified_gmt":"2025-12-15T13:09:45","slug":"kast-voy-a-ser-presidente-de-todos-los-chilenos","status":"publish","type":"post","link":"https:\/\/www.radioeltabo.cl\/?p=4117","title":{"rendered":"KAST: \u00abVOY A SER PRESIDENTE DE TODOS LOS CHILENOS\u00bb."},"content":{"rendered":"\n<figure class=\"wp-block-image size-large\"><img loading=\"lazy\" width=\"720\" height=\"707\" src=\"https:\/\/www.radioeltabo.cl\/wp-content\/uploads\/2025\/12\/1000040151.jpg\" alt=\"\" class=\"wp-image-4118\" srcset=\"https:\/\/www.radioeltabo.cl\/wp-content\/uploads\/2025\/12\/1000040151.jpg 720w, https:\/\/www.radioeltabo.cl\/wp-content\/uploads\/2025\/12\/1000040151-300x295.jpg 300w\" sizes=\"(max-width: 720px) 100vw, 720px\" \/><\/figure>\n\n\n\n<p>Triunf\u00f3 con casi el 60% de los votos.<\/p>\n\n\n\n<p>Saludamos y felicitamos al Presidente Electo Jos\u00e9 Antonio Kast y se\u00f1alamos p\u00fablicamente que le deseamos suerte y \u00e9xito en su mandato por el bien de Chile.<\/p>\n\n\n\n<p>Radio Bendiciones Chile<br>https:\/\/chiloe.digital\/radiobendiciones\/ y medios de comunicaci\u00f3n asociados.<\/p>\n\n\n\n<figure class=\"wp-block-image size-large\"><img loading=\"lazy\" width=\"720\" height=\"728\" src=\"https:\/\/www.radioeltabo.cl\/wp-content\/uploads\/2025\/12\/1000040156.jpg\" alt=\"\" class=\"wp-image-4120\" srcset=\"https:\/\/www.radioeltabo.cl\/wp-content\/uploads\/2025\/12\/1000040156.jpg 720w, https:\/\/www.radioeltabo.cl\/wp-content\/uploads\/2025\/12\/1000040156-297x300.jpg 297w\" sizes=\"(max-width: 720px) 100vw, 720px\" \/><\/figure>\n","protected":false},"excerpt":{"rendered":"<p>Triunf\u00f3 con casi el 60% de los votos. Saludamos y felicitamos al Presidente Electo Jos\u00e9 Antonio Kast y se\u00f1alamos p\u00fablicamente[&#8230;]<\/p>\n","protected":false},"author":2,"featured_media":0,"comment_status":"open","ping_status":"open","sticky":true,"template":"","format":"standard","meta":[],"categories":[3,2,4],"tags":[],"_links":{"self":[{"href":"https:\/\/www.radioeltabo.cl\/index.php?rest_route=\/wp\/v2\/posts\/4117"}],"collection":[{"href":"https:\/\/www.radioeltabo.cl\/index.php?rest_route=\/wp\/v2\/posts"}],"about":[{"href":"https:\/\/www.radioeltabo.cl\/index.php?rest_route=\/wp\/v2\/types\/post"}],"author":[{"embeddable":true,"href":"https:\/\/www.radioeltabo.cl\/index.php?rest_route=\/wp\/v2\/users\/2"}],"replies":[{"embeddable":true,"href":"https:\/\/www.radioeltabo.cl\/index.php?rest_route=%2Fwp%2Fv2%2Fcomments&post=4117"}],"version-history":[{"count":2,"href":"https:\/\/www.radioeltabo.cl\/index.php?rest_route=\/wp\/v2\/posts\/4117\/revisions"}],"predecessor-version":[{"id":4121,"href":"https:\/\/www.radioeltabo.cl\/index.php?rest_route=\/wp\/v2\/posts\/4117\/revisions\/4121"}],"wp:attachment":[{"href":"https:\/\/www.radioeltabo.cl\/index.php?rest_route=%2Fwp%2Fv2%2Fmedia&parent=4117"}],"wp:term":[{"taxonomy":"category","embeddable":true,"href":"https:\/\/www.radioeltabo.cl\/index.php?rest_route=%2Fwp%2Fv2%2Fcategories&post=4117"},{"taxonomy":"post_tag","embeddable":true,"href":"https:\/\/www.radioeltabo.cl\/index.php?rest_route=%2Fwp%2Fv2%2Ftags&post=4117"}],"curies":[{"name":"wp","href":"https:\/\/api.w.org\/{rel}","templated":true}]}}