{"id":3918,"date":"2025-05-08T19:09:50","date_gmt":"2025-05-08T23:09:50","guid":{"rendered":"https:\/\/www.radioeltabo.cl\/?p=3918"},"modified":"2025-05-08T19:09:55","modified_gmt":"2025-05-08T23:09:55","slug":"felicitamos-el-compromiso-publico-del-nuevo-papa-leon-xiv-de-luchar-por-la-paz-del-mundo","status":"publish","type":"post","link":"https:\/\/www.radioeltabo.cl\/?p=3918","title":{"rendered":"Felicitamos el compromiso p\u00fablico del nuevo Papa Le\u00f3n XIV de luchar por la paz del mundo."},"content":{"rendered":"\n<p>Nos permitimos se\u00f1alarle respetuosamente, desde la comuna de El Tabo Rep\u00fablica de Chile, que nuestros medios de comunicaci\u00f3n se adhieren a tan importante, noble y loable compromiso para luchar por la paz del mundo.<\/p>\n\n\n\n<p>No es posible que sigan muriendo miles de v\u00edctimas inocentes, por el capricho, intolerancia y personalismo de algunos l\u00edderes del mundo.<\/p>\n\n\n\n<p>Aquellos que no tengan la capacidad de lograr los acuerdos que sean necesarios para evitar una guerra, deben renunciar.<\/p>\n\n\n\n<p>Hoy m\u00e1s que nunca, necesitamos l\u00edderes dispuestos a dialogar y a buscar los acuerdos que sean necesarios para lograr la paz en el mundo.<\/p>\n\n\n\n<p>Saludos y bendiciones para todos.<\/p>\n\n\n\n<p>Carlos Tapia P.<br>Director<br>Radio Bendiciones Chile https:\/\/chiloe.digital\/radiobendiciones\/ y medio de comunicaci\u00f3n asociados.<\/p>\n\n\n\n<figure class=\"wp-block-image size-large\"><img loading=\"lazy\" width=\"714\" height=\"1024\" src=\"https:\/\/www.radioeltabo.cl\/wp-content\/uploads\/2025\/05\/1000004578-714x1024.png\" alt=\"\" class=\"wp-image-3919\" srcset=\"https:\/\/www.radioeltabo.cl\/wp-content\/uploads\/2025\/05\/1000004578-714x1024.png 714w, https:\/\/www.radioeltabo.cl\/wp-content\/uploads\/2025\/05\/1000004578-209x300.png 209w, https:\/\/www.radioeltabo.cl\/wp-content\/uploads\/2025\/05\/1000004578.png 720w\" sizes=\"(max-width: 714px) 100vw, 714px\" \/><\/figure>\n","protected":false},"excerpt":{"rendered":"<p>Nos permitimos se\u00f1alarle respetuosamente, desde la comuna de El Tabo Rep\u00fablica de Chile, que nuestros medios de comunicaci\u00f3n se adhieren[&#8230;]<\/p>\n","protected":false},"author":2,"featured_media":0,"comment_status":"open","ping_status":"open","sticky":true,"template":"","format":"standard","meta":[],"categories":[3,2,4],"tags":[],"_links":{"self":[{"href":"https:\/\/www.radioeltabo.cl\/index.php?rest_route=\/wp\/v2\/posts\/3918"}],"collection":[{"href":"https:\/\/www.radioeltabo.cl\/index.php?rest_route=\/wp\/v2\/posts"}],"about":[{"href":"https:\/\/www.radioeltabo.cl\/index.php?rest_route=\/wp\/v2\/types\/post"}],"author":[{"embeddable":true,"href":"https:\/\/www.radioeltabo.cl\/index.php?rest_route=\/wp\/v2\/users\/2"}],"replies":[{"embeddable":true,"href":"https:\/\/www.radioeltabo.cl\/index.php?rest_route=%2Fwp%2Fv2%2Fcomments&post=3918"}],"version-history":[{"count":1,"href":"https:\/\/www.radioeltabo.cl\/index.php?rest_route=\/wp\/v2\/posts\/3918\/revisions"}],"predecessor-version":[{"id":3920,"href":"https:\/\/www.radioeltabo.cl\/index.php?rest_route=\/wp\/v2\/posts\/3918\/revisions\/3920"}],"wp:attachment":[{"href":"https:\/\/www.radioeltabo.cl\/index.php?rest_route=%2Fwp%2Fv2%2Fmedia&parent=3918"}],"wp:term":[{"taxonomy":"category","embeddable":true,"href":"https:\/\/www.radioeltabo.cl\/index.php?rest_route=%2Fwp%2Fv2%2Fcategories&post=3918"},{"taxonomy":"post_tag","embeddable":true,"href":"https:\/\/www.radioeltabo.cl\/index.php?rest_route=%2Fwp%2Fv2%2Ftags&post=3918"}],"curies":[{"name":"wp","href":"https:\/\/api.w.org\/{rel}","templated":true}]}}