{"id":3821,"date":"2024-12-08T10:00:38","date_gmt":"2024-12-08T14:00:38","guid":{"rendered":"https:\/\/www.radioeltabo.cl\/?p=3821"},"modified":"2024-12-08T16:41:06","modified_gmt":"2024-12-08T20:41:06","slug":"juro-y-se-instalo-nuevo-concejo-municipal-de-el-tabo","status":"publish","type":"post","link":"https:\/\/www.radioeltabo.cl\/?p=3821","title":{"rendered":"JUR\u00d3 Y SE INSTAL\u00d3 NUEVO CONCEJO MUNICIPAL DE EL TABO."},"content":{"rendered":"\n<p>El viernes 6 Diciembre a contar de las 12 hrs., en una hermosa, c\u00e1lida, democr\u00e1tica y respetuosa ceremonia, JUR\u00d3 Y SE INSTAL\u00d3 EL NUEVO CONCEJO MUNICIPAL DE EL TABO, Presidido por el alcalde reelecto, Alfonso Mu\u00f1oz Aravena.<\/p>\n\n\n\n<p>Luego del juramento correspondiente, hizo uso de la palabra el alcalde reelecto, Alfonso Mu\u00f1oz Aravena, agradeciendo la presencia a las autoridades, dirigentes sociales y vecinas y vecinos. Luego realiz\u00f3 un breve recuento de los importantes proyectos realizados junto al concejo municipal saliente.<\/p>\n\n\n\n<p>Posteriormente se\u00f1al\u00f3 las tareas, acciones y proyectos que pretende desarrollar con el apoyo del nuevo concejo municipal paritario, destacando el proyecto para dotar con agua potable a los tabinos y tabinas de los sectores altos de El Tabo, recibiendo de los presentes un fuerte y cari\u00f1oso aplauso como agradecimiento y reconocimiento, ya que el agua potable es una proyecto muy anhelado desde hace largos a\u00f1os por los vecinos y vecinas, que actualmente pagan entre 10 y 12 mil pesos por cada metro c\u00fabico de agua a los camiones aljibes.<\/p>\n\n\n\n<p><br>El pr\u00f3ximo Domingo 15 de Diciembre realizaremos un programa especial de 19 a 21 hrs., para hacer un recuento de todo lo se\u00f1alado por el alcalde Alfonso Mu\u00f1oz Aravena, en Radio Cartagena El Tabo on line https:\/\/chiloe.digital\/radiocartagenaeltabo\/<\/p>\n\n\n\n<p>Muchas gracias.<\/p>\n\n\n\n<p>Saludos y bendiciones.<\/p>\n\n\n\n<p>Carlos Tapia<br>Director<\/p>\n\n\n\n<p>Irene D\u00edaz Pailamilla<\/p>\n\n\n\n<p>Sub-Directora<\/p>\n\n\n\n<figure class=\"wp-block-image size-large\"><img loading=\"lazy\" width=\"1024\" height=\"770\" src=\"https:\/\/www.radioeltabo.cl\/wp-content\/uploads\/2024\/12\/1000005462-1024x770.jpg\" alt=\"\" class=\"wp-image-3822\" srcset=\"https:\/\/www.radioeltabo.cl\/wp-content\/uploads\/2024\/12\/1000005462-1024x770.jpg 1024w, https:\/\/www.radioeltabo.cl\/wp-content\/uploads\/2024\/12\/1000005462-300x226.jpg 300w, https:\/\/www.radioeltabo.cl\/wp-content\/uploads\/2024\/12\/1000005462-768x578.jpg 768w, https:\/\/www.radioeltabo.cl\/wp-content\/uploads\/2024\/12\/1000005462.jpg 1280w\" sizes=\"(max-width: 1024px) 100vw, 1024px\" \/><\/figure>\n","protected":false},"excerpt":{"rendered":"<p>El viernes 6 Diciembre a contar de las 12 hrs., en una hermosa, c\u00e1lida, democr\u00e1tica y respetuosa ceremonia, JUR\u00d3 Y[&#8230;]<\/p>\n","protected":false},"author":2,"featured_media":0,"comment_status":"open","ping_status":"open","sticky":true,"template":"","format":"standard","meta":[],"categories":[3,2,4],"tags":[],"_links":{"self":[{"href":"https:\/\/www.radioeltabo.cl\/index.php?rest_route=\/wp\/v2\/posts\/3821"}],"collection":[{"href":"https:\/\/www.radioeltabo.cl\/index.php?rest_route=\/wp\/v2\/posts"}],"about":[{"href":"https:\/\/www.radioeltabo.cl\/index.php?rest_route=\/wp\/v2\/types\/post"}],"author":[{"embeddable":true,"href":"https:\/\/www.radioeltabo.cl\/index.php?rest_route=\/wp\/v2\/users\/2"}],"replies":[{"embeddable":true,"href":"https:\/\/www.radioeltabo.cl\/index.php?rest_route=%2Fwp%2Fv2%2Fcomments&post=3821"}],"version-history":[{"count":2,"href":"https:\/\/www.radioeltabo.cl\/index.php?rest_route=\/wp\/v2\/posts\/3821\/revisions"}],"predecessor-version":[{"id":3824,"href":"https:\/\/www.radioeltabo.cl\/index.php?rest_route=\/wp\/v2\/posts\/3821\/revisions\/3824"}],"wp:attachment":[{"href":"https:\/\/www.radioeltabo.cl\/index.php?rest_route=%2Fwp%2Fv2%2Fmedia&parent=3821"}],"wp:term":[{"taxonomy":"category","embeddable":true,"href":"https:\/\/www.radioeltabo.cl\/index.php?rest_route=%2Fwp%2Fv2%2Fcategories&post=3821"},{"taxonomy":"post_tag","embeddable":true,"href":"https:\/\/www.radioeltabo.cl\/index.php?rest_route=%2Fwp%2Fv2%2Ftags&post=3821"}],"curies":[{"name":"wp","href":"https:\/\/api.w.org\/{rel}","templated":true}]}}