{"id":3805,"date":"2024-11-30T11:15:30","date_gmt":"2024-11-30T15:15:30","guid":{"rendered":"https:\/\/www.radioeltabo.cl\/?p=3805"},"modified":"2024-11-30T11:15:34","modified_gmt":"2024-11-30T15:15:34","slug":"noticia-de-el-tabo-y-cartagena-30-11-24","status":"publish","type":"post","link":"https:\/\/www.radioeltabo.cl\/?p=3805","title":{"rendered":"NOTICIA DE EL TABO Y CARTAGENA. (30\/11\/24)"},"content":{"rendered":"\n<p>Reiteramos nuestros saludos y felicitaciones para las autoridades electas y reelectas de El Tabo y Cartagena, les deseamos suerte y \u00e9xito en su gesti\u00f3n.<\/p>\n\n\n\n<p>Aprovechamos de informar a los tabinos y tabinas y a los cartageninos y cartageninas, que a contar del d\u00eda 7 de Diciembre de 2024, a trav\u00e9s de nuestros medios de comunicaci\u00f3n les entregaremos noticias, informaciones, entrevistas y comentarios de El Tabo y de Cartagena y especialmente de la gesti\u00f3n que desarrollar\u00e1n nuestras nuevas autoridades comunales de ambas comunas.<\/p>\n\n\n\n<p>Detalle de los medios de comunicaci\u00f3n que debes sintonizar o visitar:<\/p>\n\n\n\n<p>-Radio El Tabo 106.5 FM<\/p>\n\n\n\n<p>-Radio Cartagena El Tabo 107.9 FM<\/p>\n\n\n\n<p>-Radio Cartagena El Tabo on line https:\/\/chiloe.digital\/radiocartagenaeltabo\/<\/p>\n\n\n\n<p>-Radio Bendiciones Chile on line https:\/\/chiloe.digital\/radiobendiciones\/<\/p>\n\n\n\n<p>-www.radioeltabo.cl<\/p>\n\n\n\n<p>-www tveltabo.cl<\/p>\n\n\n\n<p>-www.tvcartagena.cl<\/p>\n\n\n\n<p>-www.tvprovinciasanantonio.cl<\/p>\n\n\n\n<p>-Carlos Tapia (Panorama Comunal) en Facebook.<\/p>\n\n\n\n<p>-Radio El Tabo106.5 FM en Facebook.<\/p>\n\n\n\n<p>-Radio Cartagena El Tabo 107.9 FM en Facebook.<\/p>\n\n\n\n<p>-Radio Bendiciones Chile en Facebook.<\/p>\n\n\n\n<p>Agradecemos a nuestros auditores y cibernautas, la sinton\u00eda, visitas y colaboraci\u00f3n que nos brindan.<\/p>\n\n\n\n<p>Para tus consultas o el env\u00edo de noticias e informaciones de tu sector habitacional, organizaci\u00f3n o de tu comuna, lo pueden realizar a trav\u00e9s del WhatsApp +569 2839 8625.<\/p>\n\n\n\n<p>\u00a1Contamos contigo!<\/p>\n\n\n\n<p>Saludos y bendiciones.<\/p>\n\n\n\n<p>Carlos Tapia P.<br>Director<\/p>\n\n\n\n<p>Recuerden que el \u00e9xito en la gesti\u00f3n de las autoridades de El Tabo y Cartagena, permitir\u00e1 a los tabinos y tabinas y a los cartageninos y cartageninas, UNA MEJOR CALIDAD DE VIDA.<\/p>\n","protected":false},"excerpt":{"rendered":"<p>Reiteramos nuestros saludos y felicitaciones para las autoridades electas y reelectas de El Tabo y Cartagena, les deseamos suerte y[&#8230;]<\/p>\n","protected":false},"author":2,"featured_media":0,"comment_status":"open","ping_status":"open","sticky":true,"template":"","format":"standard","meta":[],"categories":[3,2,4],"tags":[],"_links":{"self":[{"href":"https:\/\/www.radioeltabo.cl\/index.php?rest_route=\/wp\/v2\/posts\/3805"}],"collection":[{"href":"https:\/\/www.radioeltabo.cl\/index.php?rest_route=\/wp\/v2\/posts"}],"about":[{"href":"https:\/\/www.radioeltabo.cl\/index.php?rest_route=\/wp\/v2\/types\/post"}],"author":[{"embeddable":true,"href":"https:\/\/www.radioeltabo.cl\/index.php?rest_route=\/wp\/v2\/users\/2"}],"replies":[{"embeddable":true,"href":"https:\/\/www.radioeltabo.cl\/index.php?rest_route=%2Fwp%2Fv2%2Fcomments&post=3805"}],"version-history":[{"count":1,"href":"https:\/\/www.radioeltabo.cl\/index.php?rest_route=\/wp\/v2\/posts\/3805\/revisions"}],"predecessor-version":[{"id":3806,"href":"https:\/\/www.radioeltabo.cl\/index.php?rest_route=\/wp\/v2\/posts\/3805\/revisions\/3806"}],"wp:attachment":[{"href":"https:\/\/www.radioeltabo.cl\/index.php?rest_route=%2Fwp%2Fv2%2Fmedia&parent=3805"}],"wp:term":[{"taxonomy":"category","embeddable":true,"href":"https:\/\/www.radioeltabo.cl\/index.php?rest_route=%2Fwp%2Fv2%2Fcategories&post=3805"},{"taxonomy":"post_tag","embeddable":true,"href":"https:\/\/www.radioeltabo.cl\/index.php?rest_route=%2Fwp%2Fv2%2Ftags&post=3805"}],"curies":[{"name":"wp","href":"https:\/\/api.w.org\/{rel}","templated":true}]}}