{"id":3748,"date":"2024-11-02T12:50:47","date_gmt":"2024-11-02T16:50:47","guid":{"rendered":"https:\/\/www.radioeltabo.cl\/?p=3748"},"modified":"2024-11-02T12:50:52","modified_gmt":"2024-11-02T16:50:52","slug":"consejeros-regionales-core-electos-en-la-provincia-de-san-antonio","status":"publish","type":"post","link":"https:\/\/www.radioeltabo.cl\/?p=3748","title":{"rendered":"CONSEJEROS REGIONALES (CORE) ELECTOS EN LA PROVINCIA DE SAN ANTONIO."},"content":{"rendered":"\n<p>CONSEJEROS REGIONALES (CORE) ELECTOS PARA REPRESENTAR A LAS COMUNAS DE LA PROVINCIA DE SAN ANTONIO EN LA GOBERNACI\u00d3N DE LA REGI\u00d3N DE VALPARA\u00cdSO.<br>(Algarrobo, Cartagena, El Quisco, El Tabo, San Antonio y Santo Domingo)<\/p>\n\n\n\n<p>Primer Lugar<br>Mauricio Alejandro L\u00f3pez Castillo (REPUBLICANO)<br>14.399 votos 12,85%<\/p>\n\n\n\n<p>Segundo Lugar<br>Romy Jes\u00fas Farias Caballero (PDC)<br>13.285 votos 11,85%<\/p>\n\n\n\n<p>Tercer Lugar<br>Paola Zamorano Arratia (RN)<br>8.493 votos 7,58%<\/p>\n\n\n\n<p>El gran perdedor de \u00e9sta elecci\u00f3n, ya que los electores de la Provincia de San Antonio no le entregaron la votaci\u00f3n necesaria, fue:<\/p>\n\n\n\n<p>Jorge Arturo Mora Castro (FA)<br>4.409 votos 3,93%<\/p>\n\n\n\n<p>Les recordamos que los Consejeros Regionales (CORE), son quienes ayudan a los Alcaldes a obtener los dineros en la Gobernaci\u00f3n de la Regi\u00f3n de Valparaiso, para desarrollar diferentes proyectos en sus respectivas comunas.<\/p>\n\n\n\n<p>Aprovechamos de felicitar a los CORES ELECTOS DE LA PROVINCIA DE SAN ANTONIO y les deseamos suerte y \u00e9xito en su gesti\u00f3n.<\/p>\n\n\n\n<p>Te invitamos a conocer noticias e informaciones de la Provincia de San Antonio a las 4, 8,12, 16, 20 y 22 hrs., Radio Cartagena El Tabo on line.<\/p>\n\n\n\n<p>Muchas gracias por vuestra sinton\u00eda.<\/p>\n\n\n\n<p>Saludos y bendiciones.<\/p>\n\n\n\n<p>Carlos Tapia P.<br>Director<br>Radio Cartagena El Tabo on line<\/p>\n\n\n\n<figure class=\"wp-block-embed is-type-wp-embed is-provider-radio-cartagena-el-tabo-107-9-fm wp-block-embed-radio-cartagena-el-tabo-107-9-fm\"><div class=\"wp-block-embed__wrapper\">\n<blockquote class=\"wp-embedded-content\" data-secret=\"gnmGM9A6a2\"><a href=\"https:\/\/chiloe.digital\/radiocartagenaeltabo\/\">Home<\/a><\/blockquote><iframe class=\"wp-embedded-content\" sandbox=\"allow-scripts\" security=\"restricted\" style=\"position: absolute; clip: rect(1px, 1px, 1px, 1px);\" title=\"\u00abHome\u00bb \u2014 Radio Cartagena-El Tabo 107.9 FM\" src=\"https:\/\/chiloe.digital\/radiocartagenaeltabo\/embed\/#?secret=uPQr4Dep0s#?secret=gnmGM9A6a2\" data-secret=\"gnmGM9A6a2\" width=\"600\" height=\"338\" frameborder=\"0\" marginwidth=\"0\" marginheight=\"0\" scrolling=\"no\"><\/iframe>\n<\/div><\/figure>\n","protected":false},"excerpt":{"rendered":"<p>CONSEJEROS REGIONALES (CORE) ELECTOS PARA REPRESENTAR A LAS COMUNAS DE LA PROVINCIA DE SAN ANTONIO EN LA GOBERNACI\u00d3N DE LA[&#8230;]<\/p>\n","protected":false},"author":2,"featured_media":0,"comment_status":"open","ping_status":"open","sticky":true,"template":"","format":"standard","meta":[],"categories":[3,2,4],"tags":[],"_links":{"self":[{"href":"https:\/\/www.radioeltabo.cl\/index.php?rest_route=\/wp\/v2\/posts\/3748"}],"collection":[{"href":"https:\/\/www.radioeltabo.cl\/index.php?rest_route=\/wp\/v2\/posts"}],"about":[{"href":"https:\/\/www.radioeltabo.cl\/index.php?rest_route=\/wp\/v2\/types\/post"}],"author":[{"embeddable":true,"href":"https:\/\/www.radioeltabo.cl\/index.php?rest_route=\/wp\/v2\/users\/2"}],"replies":[{"embeddable":true,"href":"https:\/\/www.radioeltabo.cl\/index.php?rest_route=%2Fwp%2Fv2%2Fcomments&post=3748"}],"version-history":[{"count":1,"href":"https:\/\/www.radioeltabo.cl\/index.php?rest_route=\/wp\/v2\/posts\/3748\/revisions"}],"predecessor-version":[{"id":3749,"href":"https:\/\/www.radioeltabo.cl\/index.php?rest_route=\/wp\/v2\/posts\/3748\/revisions\/3749"}],"wp:attachment":[{"href":"https:\/\/www.radioeltabo.cl\/index.php?rest_route=%2Fwp%2Fv2%2Fmedia&parent=3748"}],"wp:term":[{"taxonomy":"category","embeddable":true,"href":"https:\/\/www.radioeltabo.cl\/index.php?rest_route=%2Fwp%2Fv2%2Fcategories&post=3748"},{"taxonomy":"post_tag","embeddable":true,"href":"https:\/\/www.radioeltabo.cl\/index.php?rest_route=%2Fwp%2Fv2%2Ftags&post=3748"}],"curies":[{"name":"wp","href":"https:\/\/api.w.org\/{rel}","templated":true}]}}