{"id":3522,"date":"2024-09-06T16:02:27","date_gmt":"2024-09-06T20:02:27","guid":{"rendered":"https:\/\/www.radioeltabo.cl\/?p=3522"},"modified":"2024-09-06T16:04:00","modified_gmt":"2024-09-06T20:04:00","slug":"encuesta-1-el-tabo-2024-concejales-2","status":"publish","type":"post","link":"https:\/\/www.radioeltabo.cl\/?p=3522","title":{"rendered":"\u00abENCUESTA 1 EL TABO 2024\u00bb. (CONCEJALES)"},"content":{"rendered":"\n<p>Conforme a lo solicitado por nuestros auditores y cibernautas, publicamos los nombres de las 10 primeras mayorias, los votos que obtuvieron y el partido pol\u00edtico al que pertenecen o que los patrocina como candidatos o candidatas a concejal de El Tabo en la \u00abEncuesta 1 El Tabo 2024\u00bb que realiz\u00f3 Radio Bendiciones Chile en Facebook, los d\u00edas 2 y 3 de Septiembre de 2024.<\/p>\n\n\n\n<p>Primer Lugar:<\/p>\n\n\n\n<p>FRANCISCO LAGOS CORTES<\/p>\n\n\n\n<p>437 VOTOS<\/p>\n\n\n\n<p>PARTIDO RADICAL (PR)<\/p>\n\n\n\n<p>Segundo Lugar:<\/p>\n\n\n\n<p>JOEL ARAVENA CISTERNAS<\/p>\n\n\n\n<p>310 VOTOS<\/p>\n\n\n\n<p>PARTIDO REPUBLICANO<\/p>\n\n\n\n<p>Tercer Lugar:<\/p>\n\n\n\n<p>REGINA DEL CARMEN HITO<\/p>\n\n\n\n<p>165 VOTOS<\/p>\n\n\n\n<p>PARTIDO UNI\u00d3N DEM\u00d3CRATA INDEPENDIENTE (UDI)<\/p>\n\n\n\n<p>Cuarto Lugar:<\/p>\n\n\n\n<p>SUSANA FARIAS FARIAS<\/p>\n\n\n\n<p>136 VOTOS<\/p>\n\n\n\n<p>PARTIDO REPUBLICANO<\/p>\n\n\n\n<p>Quinto Lugar:<\/p>\n\n\n\n<p>MAR\u00cdA O\u00d1ATE PARDO<\/p>\n\n\n\n<p>86 VOTOS<\/p>\n\n\n\n<p>PARTIDO RENOVACI\u00d3N NACIONAL (RN)<\/p>\n\n\n\n<p>Sexto Lugar:<\/p>\n\n\n\n<p>CECILIA SANHUEZA QUINCHAMAN:<\/p>\n\n\n\n<p>44 VOTOS<\/p>\n\n\n\n<p>PARTIDO FEDERACI\u00d3N REGIONALISTA VERDE (PFRV)<\/p>\n\n\n\n<p>S\u00e9ptimo Lugar:<\/p>\n\n\n\n<p>JOS\u00c9 URREA CASTA\u00d1EDA<\/p>\n\n\n\n<p>42 VOTOS<\/p>\n\n\n\n<p>PARTIDO RENOVACI\u00d3N NACIONAL (RN)<\/p>\n\n\n\n<p>Octavo Lugar:<\/p>\n\n\n\n<p>NELSON CLAVIJO FIGUEROA<\/p>\n\n\n\n<p>31 VOTOS<\/p>\n\n\n\n<p>PARTIDO UNI\u00d3N DEM\u00d3CRATA INDEPENDIENTE (UDI)<\/p>\n\n\n\n<p>Noveno Lugar:<\/p>\n\n\n\n<p>EMA TORRES HERRERA<\/p>\n\n\n\n<p>26 VOTOS<\/p>\n\n\n\n<p>PARTIDO RADICAL (PR)<\/p>\n\n\n\n<p>D\u00e9cimo Lugar:<\/p>\n\n\n\n<p>KARINA SOTO BENAVIDES<\/p>\n\n\n\n<p>25 VOTOS<\/p>\n\n\n\n<p>PARTIDO SOCIALISTA (PS)<\/p>\n\n\n\n<p>El candidato JULIO D\u00cdAZ ROJAS del Frente Amplio (FA) no lo inclu\u00edmos en esta encuesta, porque no fuimos informados oportunamente de la resoluci\u00f3n del SERVEL que acept\u00f3 la apelaci\u00f3n al rechazo original que le afectaba, \u00abporque la declaraci\u00f3n jurada no se\u00f1alaba fecha de otorgamiento\u00bb. Por lo que le entregamos nuestras excusas y le informamos que en la pr\u00f3xima encuesta que vamos a desarrollar a fines de Septiembre lo vamos a incluir.<\/p>\n\n\n\n<p>Nota: Informamos que el WhatsApp +569 2839 8625 est\u00e1 habilitado las 24 hrs. para los candidatos y candidatas de El Tabo y Cartagena, para que puedan enviar sus mensajes, fotograf\u00edas, videos, etc., que deseen les publiquemos.<\/p>\n\n\n\n<p>\u00a1CONTAMOS CON UDS., AS\u00cd COMO UDS. PUEDEN CONTAR CON NOSOTROS!<\/p>\n\n\n\n<p>Noticia en desarrollo\u2026<\/p>\n","protected":false},"excerpt":{"rendered":"<p>Conforme a lo solicitado por nuestros auditores y cibernautas, publicamos los nombres de las 10 primeras mayorias, los votos que[&#8230;]<\/p>\n","protected":false},"author":2,"featured_media":0,"comment_status":"open","ping_status":"open","sticky":true,"template":"","format":"standard","meta":[],"categories":[3,2,4],"tags":[],"_links":{"self":[{"href":"https:\/\/www.radioeltabo.cl\/index.php?rest_route=\/wp\/v2\/posts\/3522"}],"collection":[{"href":"https:\/\/www.radioeltabo.cl\/index.php?rest_route=\/wp\/v2\/posts"}],"about":[{"href":"https:\/\/www.radioeltabo.cl\/index.php?rest_route=\/wp\/v2\/types\/post"}],"author":[{"embeddable":true,"href":"https:\/\/www.radioeltabo.cl\/index.php?rest_route=\/wp\/v2\/users\/2"}],"replies":[{"embeddable":true,"href":"https:\/\/www.radioeltabo.cl\/index.php?rest_route=%2Fwp%2Fv2%2Fcomments&post=3522"}],"version-history":[{"count":2,"href":"https:\/\/www.radioeltabo.cl\/index.php?rest_route=\/wp\/v2\/posts\/3522\/revisions"}],"predecessor-version":[{"id":3524,"href":"https:\/\/www.radioeltabo.cl\/index.php?rest_route=\/wp\/v2\/posts\/3522\/revisions\/3524"}],"wp:attachment":[{"href":"https:\/\/www.radioeltabo.cl\/index.php?rest_route=%2Fwp%2Fv2%2Fmedia&parent=3522"}],"wp:term":[{"taxonomy":"category","embeddable":true,"href":"https:\/\/www.radioeltabo.cl\/index.php?rest_route=%2Fwp%2Fv2%2Fcategories&post=3522"},{"taxonomy":"post_tag","embeddable":true,"href":"https:\/\/www.radioeltabo.cl\/index.php?rest_route=%2Fwp%2Fv2%2Ftags&post=3522"}],"curies":[{"name":"wp","href":"https:\/\/api.w.org\/{rel}","templated":true}]}}