{"id":3469,"date":"2024-09-01T11:16:53","date_gmt":"2024-09-01T15:16:53","guid":{"rendered":"https:\/\/www.radioeltabo.cl\/?p=3469"},"modified":"2024-09-01T11:16:59","modified_gmt":"2024-09-01T15:16:59","slug":"comite-de-adelanto-el-pinar-informa-sobre-proceso-de-regularizacion-de-loteos-01-09-24","status":"publish","type":"post","link":"https:\/\/www.radioeltabo.cl\/?p=3469","title":{"rendered":"COMIT\u00c9 DE ADELANTO EL PINAR INFORMA SOBRE PROCESO DE REGULARIZACI\u00d3N DE LOTEOS. (01\/09\/24)"},"content":{"rendered":"\n<p>Informamos que las cotizaciones que recibimos de algunos Top\u00f3grafos y Arquitectos, fueron muy convenientes pero nos encontramos con el problema que la gran mayor\u00eda de los vecinos consultados, nos se\u00f1alaron que no contaban con el dinero para cancelar los honorarios de los profesionales para la regularizaci\u00f3n de sus loteos.<\/p>\n\n\n\n<p>Por lo que tomamos la decisi\u00f3n de conversar con los candidatos a alcalde y concejal para lograr un acuerdo para que quienes resulten electos, nos ayuden a postular a alg\u00fan proyecto social ante un organismo gubernamental para lograr el financiamiento necesario para la regularizaci\u00f3n de los loteos de El Pinar a trav\u00e9s de la Ley 21.477 que otorga un plazo hasta el a\u00f1o 2030 para regularizar todos los loteos urbanos y rurales que se hayan constituido antes del a\u00f1o 2018.<\/p>\n\n\n\n<p>Es muy importante informar a UDS., que mientras m\u00e1s tiempo nos demoremos en regularizar nuestros loteos, m\u00e1s tiempo nos vamos a demorar en postular a proyectos para obtener agua potable, alcantarillado, pavimentaci\u00f3n y especialmente a proyectos para que puedan arreglar sus viviendas.<\/p>\n\n\n\n<p>Cualquier noticia o informaci\u00f3n sobre la regularizaci\u00f3n de los loteos de El Pinar, la vamos a publicar a trav\u00e9s de Radio El Tabo 106.5 FM, de las p\u00e1ginas web www.tveltabo.cl ; www.radioeltabo.cl y de nuestras redes sociales.<\/p>\n\n\n\n<p>Saludos y bendiciones.<\/p>\n\n\n\n<p>Carlos Tapia P.<\/p>\n\n\n\n<p>Presidente<\/p>\n\n\n\n<p>Comit\u00e9 de Adelanto El Pinar<\/p>\n\n\n\n<p>Comuna de El Tabo.<\/p>\n","protected":false},"excerpt":{"rendered":"<p>Informamos que las cotizaciones que recibimos de algunos Top\u00f3grafos y Arquitectos, fueron muy convenientes pero nos encontramos con el problema[&#8230;]<\/p>\n","protected":false},"author":2,"featured_media":0,"comment_status":"open","ping_status":"open","sticky":true,"template":"","format":"standard","meta":[],"categories":[9,3,2,4],"tags":[],"_links":{"self":[{"href":"https:\/\/www.radioeltabo.cl\/index.php?rest_route=\/wp\/v2\/posts\/3469"}],"collection":[{"href":"https:\/\/www.radioeltabo.cl\/index.php?rest_route=\/wp\/v2\/posts"}],"about":[{"href":"https:\/\/www.radioeltabo.cl\/index.php?rest_route=\/wp\/v2\/types\/post"}],"author":[{"embeddable":true,"href":"https:\/\/www.radioeltabo.cl\/index.php?rest_route=\/wp\/v2\/users\/2"}],"replies":[{"embeddable":true,"href":"https:\/\/www.radioeltabo.cl\/index.php?rest_route=%2Fwp%2Fv2%2Fcomments&post=3469"}],"version-history":[{"count":1,"href":"https:\/\/www.radioeltabo.cl\/index.php?rest_route=\/wp\/v2\/posts\/3469\/revisions"}],"predecessor-version":[{"id":3470,"href":"https:\/\/www.radioeltabo.cl\/index.php?rest_route=\/wp\/v2\/posts\/3469\/revisions\/3470"}],"wp:attachment":[{"href":"https:\/\/www.radioeltabo.cl\/index.php?rest_route=%2Fwp%2Fv2%2Fmedia&parent=3469"}],"wp:term":[{"taxonomy":"category","embeddable":true,"href":"https:\/\/www.radioeltabo.cl\/index.php?rest_route=%2Fwp%2Fv2%2Fcategories&post=3469"},{"taxonomy":"post_tag","embeddable":true,"href":"https:\/\/www.radioeltabo.cl\/index.php?rest_route=%2Fwp%2Fv2%2Ftags&post=3469"}],"curies":[{"name":"wp","href":"https:\/\/api.w.org\/{rel}","templated":true}]}}