{"id":3214,"date":"2023-09-13T18:43:36","date_gmt":"2023-09-13T22:43:36","guid":{"rendered":"https:\/\/www.radioeltabo.cl\/?p=3214"},"modified":"2023-09-13T18:43:44","modified_gmt":"2023-09-13T22:43:44","slug":"saludos-con-motivo-de-fiestas-patrias-2023-del-presidente-provincial-del-ppd-edgardo-gomez-bravo","status":"publish","type":"post","link":"https:\/\/www.radioeltabo.cl\/?p=3214","title":{"rendered":"SALUDOS CON MOTIVO DE FIESTAS PATRIAS 2023 DEL PRESIDENTE PROVINCIAL DEL PPD, EDGARDO G\u00d3MEZ BRAVO."},"content":{"rendered":"\n<figure class=\"wp-block-image size-large\"><img loading=\"lazy\" width=\"720\" height=\"614\" src=\"https:\/\/www.radioeltabo.cl\/wp-content\/uploads\/2023\/09\/Screenshot_20230913-192532.jpg\" alt=\"\" class=\"wp-image-3215\" srcset=\"https:\/\/www.radioeltabo.cl\/wp-content\/uploads\/2023\/09\/Screenshot_20230913-192532.jpg 720w, https:\/\/www.radioeltabo.cl\/wp-content\/uploads\/2023\/09\/Screenshot_20230913-192532-300x256.jpg 300w\" sizes=\"(max-width: 720px) 100vw, 720px\" \/><figcaption>Edgardo G\u00f3mez Bravo <\/figcaption><\/figure>\n\n\n\n<p>El Presidente Provincial del Partido Por la Democracia (PPD) de la Provincia de San Antonio, el ex concejal de El Tabo, EDGARDO G\u00d3MEZ BRAVO, a su nombre y en representaci\u00f3n de la Directiva Provincial del PPD, env\u00eda un cordial y afectuoso saludo con motivo de Fiestas Patrias 2023, a todos las y los militantes, simpatizantes y adherentes del PPD, extensivo para todos las y los ciudadanos de la Provincia de San Antonio, dese\u00e1ndoles que pasen unas hermosas Fiestas Patrias 2023 en compa\u00f1\u00eda de sus seres queridos.<\/p>\n\n\n\n<p>Que la unidad, fraternidad, el compa\u00f1erismo, la tolerancia y la amistad est\u00e9n siempre presente en estas festividades en cada uno de vuestros hogares.<\/p>\n\n\n\n<p>EDGARDO G\u00d3MEZ BRAVO, Presidente Provincial del PPD de la Provincia de San Antonio, aprovecha de hacer un llamado al autocuidado, evitando los excesos para no tener que lamentar desgracias personales.<\/p>\n\n\n\n<p>\u00a1MUCHAS FELICIDADES!<\/p>\n","protected":false},"excerpt":{"rendered":"<p>El Presidente Provincial del Partido Por la Democracia (PPD) de la Provincia de San Antonio, el ex concejal de El[&#8230;]<\/p>\n","protected":false},"author":2,"featured_media":0,"comment_status":"open","ping_status":"open","sticky":true,"template":"","format":"standard","meta":[],"categories":[3,2,4],"tags":[],"_links":{"self":[{"href":"https:\/\/www.radioeltabo.cl\/index.php?rest_route=\/wp\/v2\/posts\/3214"}],"collection":[{"href":"https:\/\/www.radioeltabo.cl\/index.php?rest_route=\/wp\/v2\/posts"}],"about":[{"href":"https:\/\/www.radioeltabo.cl\/index.php?rest_route=\/wp\/v2\/types\/post"}],"author":[{"embeddable":true,"href":"https:\/\/www.radioeltabo.cl\/index.php?rest_route=\/wp\/v2\/users\/2"}],"replies":[{"embeddable":true,"href":"https:\/\/www.radioeltabo.cl\/index.php?rest_route=%2Fwp%2Fv2%2Fcomments&post=3214"}],"version-history":[{"count":1,"href":"https:\/\/www.radioeltabo.cl\/index.php?rest_route=\/wp\/v2\/posts\/3214\/revisions"}],"predecessor-version":[{"id":3216,"href":"https:\/\/www.radioeltabo.cl\/index.php?rest_route=\/wp\/v2\/posts\/3214\/revisions\/3216"}],"wp:attachment":[{"href":"https:\/\/www.radioeltabo.cl\/index.php?rest_route=%2Fwp%2Fv2%2Fmedia&parent=3214"}],"wp:term":[{"taxonomy":"category","embeddable":true,"href":"https:\/\/www.radioeltabo.cl\/index.php?rest_route=%2Fwp%2Fv2%2Fcategories&post=3214"},{"taxonomy":"post_tag","embeddable":true,"href":"https:\/\/www.radioeltabo.cl\/index.php?rest_route=%2Fwp%2Fv2%2Ftags&post=3214"}],"curies":[{"name":"wp","href":"https:\/\/api.w.org\/{rel}","templated":true}]}}