{"id":2254,"date":"2021-03-27T16:16:05","date_gmt":"2021-03-27T20:16:05","guid":{"rendered":"https:\/\/www.radioeltabo.cl\/?p=2254"},"modified":"2021-04-16T19:54:59","modified_gmt":"2021-04-16T23:54:59","slug":"comunicado-plan-de-gestion-comunal-el-tabo-2021-2025-27-03-21","status":"publish","type":"post","link":"https:\/\/www.radioeltabo.cl\/?p=2254","title":{"rendered":"CANDIDATO A ALCALDE DE EL TABO DR. YURI RAVEST FRITZ  SE COMPROMETE A FIRMAR  PLAN DE GESTI\u00d3N COMUNAL EL TABO 2021-2025. (27\/03\/21)"},"content":{"rendered":"\n<p>Comunico a UDS., que el  candidato independiente a alcalde de El Tabo, <strong>DR. YURI RAVEST FRITZ <\/strong>me llam\u00f3 para se\u00f1alarme que se compromete a firmar notarialmente el compromiso para trabajar incansablemente junto a Radio El Tabo 106.5 FM y a los tabinos y tabinas si resulta electo, para tratar de concretar todos y cada uno de los proyectos insertos en el Plan de Gesti\u00f3n Comunal El Tabo 2021-2025, que desarroll\u00f3 Radio El Tabo 106.5 FM con la colaboraci\u00f3n de la comunidad tabina, quienes sugirieron los proyectos que son necesarios que ejecuten las nuevas autoridades trabajando transversalmente por sobre sus leg\u00edtimas diferencias pol\u00edticas, religiosas y sociales, para lograr una mejor calidad de vida para todos los tabinos y tabinas. <\/p>\n\n\n\n<p>Especialmente se compromete el <strong>DR. YURI RAVEST FRITZ<\/strong> a jugarsela para lograr los proyectos de agua potable y alcantarillado, con nuestro apoyo y colaboraci\u00f3n.<\/p>\n\n\n\n<p>Por lo tanto, a las 3 candidatas y 3 candidatos a concejal, se suma 1 candidato a alcalde.<\/p>\n\n\n\n<p>Dentro del <strong>compromiso<\/strong> logrado con el candidato a alcalde <strong>DR. YURI RAVEST FRITZ<\/strong>, le se\u00f1al\u00e9 que en una elecci\u00f3n se tiene la posibilidad de perder o ganar, si gana se obliga a trabajar con todos y para todos sin sectarismos de ninguna naturaleza, integrando a los concejales que resulten electos a tareas espec\u00edficas, en \u00e1reas espec\u00edficas, para que puedan colaborar con su gesti\u00f3n alcaldicia.<\/p>\n\n\n\n<p>Ahora si pierde, acept\u00f3 y se <strong>comprometi\u00f3<\/strong> a visitar de inmediato al candidato o candidata ganador (a), para felicitarlo (a) y se\u00f1alarle que le desea suerte y \u00e9xito en su gesti\u00f3n y que queda a su entera disposici\u00f3n para ayudarle en lo que estime conveniente.<\/p>\n\n\n\n<p>Por otra parte, si pierde el candidato a alcalde, acept\u00f3 y se <strong>comprometi\u00f3<\/strong> a no irse para la casa y seguir trabajando con Radio El Tabo 106.5 FM, creando Corporaciones y Fundaciones para desarrollar algunos proyectos que la comunidad tabina ha se\u00f1alado que son importantes y necesarios y que est\u00e1n publicados en el Plan de Gesti\u00f3n Comunal El Tabo 2021-2025, que UDS. pueden leer visitando la siguiente p\u00e1gina web: <a href=\"https:\/\/www.radioeltabo.cl\/?p=2179\">https:\/\/www.radioeltabo.cl\/?p=2179<\/a><\/p>\n\n\n\n<p><\/p>\n\n\n\n<p>Saludos y bendiciones.<\/p>\n\n\n\n<p>Carlos Tapia<br>Director<br>Radio El Tabo 106.5 FM<br>Whatsapp +569 42426825<br>\u00a1Contamos contigo!<\/p>\n\n\n\n<p>\u00a1AS\u00cd ME GUSTA EL TABO, <strong>COMPROMETIDO<\/strong>, PLURALISTA, DEMOCR\u00c1TICO, SOLIDARIO,  TRANSVERSAL, EQUITATIVO Y JUSTO!<\/p>\n\n\n\n<p><strong>Recuerda:<\/strong><\/p>\n\n\n\n<p>\u00a1T\u00da VOTO VALE!<\/p>\n\n\n\n<p>\u00a1NO DA LO MISMO VOTAR POR CUALQUIER CANDIDATO O CANDIDATA PARA QUE DESPU\u00c9S NO TE QUEJES! <\/p>\n\n\n\n<p>\u00a1LOGRAR AGUA POTABLE Y  ALCANTARILLADO PARA TODOS ES FACTIBLE,  S\u00d3LO SE REQUIERE TENER EL <strong>COMPROMISO<\/strong>, LA CAPACIDAD Y LOS CONOCIMIENTOS PARA PRESENTAR LOS PROYECTOS Y LOGRAR LOS RECURSOS PARA CONCRETARLOS, TAL CUAL COMO LO HAN REALIZADO EN EL QUISCO Y CARTAGENA! <\/p>\n\n\n\n<p> <\/p>\n\n\n\n<p><\/p>\n","protected":false},"excerpt":{"rendered":"<p>Comunico a UDS., que el candidato independiente a alcalde de El Tabo, DR. YURI RAVEST FRITZ me llam\u00f3 para se\u00f1alarme[&#8230;]<\/p>\n","protected":false},"author":2,"featured_media":0,"comment_status":"open","ping_status":"open","sticky":false,"template":"","format":"standard","meta":[],"categories":[3,2,4],"tags":[],"_links":{"self":[{"href":"https:\/\/www.radioeltabo.cl\/index.php?rest_route=\/wp\/v2\/posts\/2254"}],"collection":[{"href":"https:\/\/www.radioeltabo.cl\/index.php?rest_route=\/wp\/v2\/posts"}],"about":[{"href":"https:\/\/www.radioeltabo.cl\/index.php?rest_route=\/wp\/v2\/types\/post"}],"author":[{"embeddable":true,"href":"https:\/\/www.radioeltabo.cl\/index.php?rest_route=\/wp\/v2\/users\/2"}],"replies":[{"embeddable":true,"href":"https:\/\/www.radioeltabo.cl\/index.php?rest_route=%2Fwp%2Fv2%2Fcomments&post=2254"}],"version-history":[{"count":11,"href":"https:\/\/www.radioeltabo.cl\/index.php?rest_route=\/wp\/v2\/posts\/2254\/revisions"}],"predecessor-version":[{"id":2327,"href":"https:\/\/www.radioeltabo.cl\/index.php?rest_route=\/wp\/v2\/posts\/2254\/revisions\/2327"}],"wp:attachment":[{"href":"https:\/\/www.radioeltabo.cl\/index.php?rest_route=%2Fwp%2Fv2%2Fmedia&parent=2254"}],"wp:term":[{"taxonomy":"category","embeddable":true,"href":"https:\/\/www.radioeltabo.cl\/index.php?rest_route=%2Fwp%2Fv2%2Fcategories&post=2254"},{"taxonomy":"post_tag","embeddable":true,"href":"https:\/\/www.radioeltabo.cl\/index.php?rest_route=%2Fwp%2Fv2%2Ftags&post=2254"}],"curies":[{"name":"wp","href":"https:\/\/api.w.org\/{rel}","templated":true}]}}